

{"id":12771,"date":"2025-11-12T15:00:11","date_gmt":"2025-11-12T14:00:11","guid":{"rendered":"https:\/\/jtc.uni-halle.de\/innovation-und-wandel-gemeinsam-gestalten-jtc-trifft-mittelstand\/"},"modified":"2025-11-21T12:21:34","modified_gmt":"2025-11-21T11:21:34","slug":"co-creating-innovation-and-change-jtc-meets-smes","status":"publish","type":"post","link":"https:\/\/jtc.uni-halle.de\/en\/co-creating-innovation-and-change-jtc-meets-smes\/","title":{"rendered":"Co-creating Innovation and Change \u2013 \u201cJTC Meets SMEs\u201d"},"content":{"rendered":"<p>[et_pb_section fb_built=&#8221;1&#8243; admin_label=&#8221;Hero section News BG&#8221; module_class=&#8221;relaunch&#8221; _builder_version=&#8221;4.27.3&#8243; _module_preset=&#8221;default&#8221; background_enable_color=&#8221;off&#8221; use_background_color_gradient=&#8221;on&#8221; background_color_gradient_stops=&#8221;#feead2 75%|#ffffff 75%&#8221; transform_scale_tablet=&#8221;&#8221; transform_scale_phone=&#8221;&#8221; transform_scale_last_edited=&#8221;on|tablet&#8221; transform_translate_tablet=&#8221;&#8221; transform_translate_phone=&#8221;&#8221; transform_translate_last_edited=&#8221;on|tablet&#8221; transform_translate_linked_tablet=&#8221;off&#8221; transform_rotate_tablet=&#8221;&#8221; transform_rotate_phone=&#8221;&#8221; transform_rotate_last_edited=&#8221;on|tablet&#8221; transform_skew_tablet=&#8221;&#8221; transform_skew_phone=&#8221;&#8221; transform_skew_last_edited=&#8221;on|tablet&#8221; transform_origin_tablet=&#8221;&#8221; transform_origin_phone=&#8221;&#8221; transform_origin_last_edited=&#8221;on|tablet&#8221; transform_styles_last_edited=&#8221;on|tablet&#8221; custom_margin=&#8221;2rem||||false|false&#8221; custom_margin_tablet=&#8221;0rem||||false|false&#8221; custom_margin_phone=&#8221;||||false|false&#8221; custom_margin_last_edited=&#8221;on|desktop&#8221; custom_padding=&#8221;||||false|false&#8221; transform_styles_tablet=&#8221;&#8221; transform_styles_phone=&#8221;&#8221; global_colors_info=&#8221;{}&#8221;][et_pb_row column_structure=&#8221;1_2,1_2&#8243; use_custom_gutter=&#8221;on&#8221; gutter_width=&#8221;2&#8243; make_equal=&#8221;on&#8221; custom_padding_last_edited=&#8221;on|desktop&#8221; _builder_version=&#8221;4.27.3&#8243; _module_preset=&#8221;default&#8221; width=&#8221;96%&#8221; width_tablet=&#8221;90%&#8221; width_phone=&#8221;90%&#8221; width_last_edited=&#8221;on|desktop&#8221; max_width=&#8221;1440px&#8221; module_alignment=&#8221;center&#8221; custom_margin=&#8221;||||false|false&#8221; custom_padding=&#8221;3rem||||false|false&#8221; custom_padding_tablet=&#8221;0rem||||false|false&#8221; custom_padding_phone=&#8221;||||false|false&#8221; global_colors_info=&#8221;{}&#8221;][et_pb_column type=&#8221;1_2&#8243; admin_label=&#8221;Spalte H1 Intro&#8221; _builder_version=&#8221;4.27.3&#8243; _module_preset=&#8221;default&#8221; background_enable_color=&#8221;off&#8221; custom_padding=&#8221;|3rem|2rem|3rem|false|false&#8221; custom_padding_tablet=&#8221;3rem|2rem|2rem|2rem|false|false&#8221; custom_padding_phone=&#8221;3rem|2rem|2rem|2rem|false|false&#8221; custom_padding_last_edited=&#8221;on|tablet&#8221; custom_css_main_element=&#8221;overflow: visible;&#8221; border_radii=&#8221;on|18px|18px|18px|18px&#8221; global_colors_info=&#8221;{}&#8221; custom_css_main_element_last_edited=&#8221;on|tablet&#8221; custom_css_main_element_tablet=&#8221;overflow: visible;&#8221; custom_css_main_element_phone=&#8221;overflow: visible;&#8221;][et_pb_code admin_label=&#8221;Kategorie&#8221; module_class=&#8221;news kategorie headline-white-bg&#8221; _builder_version=&#8221;4.27.3&#8243; _module_preset=&#8221;default&#8221; global_colors_info=&#8221;{}&#8221;]News[\/et_pb_code][et_pb_code admin_label=&#8221;Rubrik&#8221; module_class=&#8221;news rubrik&#8221; _builder_version=&#8221;4.27.3&#8243; _module_preset=&#8221;default&#8221; global_colors_info=&#8221;{}&#8221;]News[\/et_pb_code][et_pb_text admin_label=&#8221;H1&#8243; module_class=&#8221;news h1&#8243; _builder_version=&#8221;4.27.3&#8243; _dynamic_attributes=&#8221;content&#8221; _module_preset=&#8221;default&#8221; text_font=&#8221;||||||||&#8221; global_colors_info=&#8221;{}&#8221;]@ET-DC@eyJkeW5hbWljIjp0cnVlLCJjb250ZW50IjoicG9zdF90aXRsZSIsInNldHRpbmdzIjp7ImJlZm9yZSI6IiIsImFmdGVyIjoiIn19@[\/et_pb_text][et_pb_text admin_label=&#8221;Ver\u00f6ffentlichungsdatum&#8221; module_class=&#8221;news datum&#8221; _builder_version=&#8221;4.27.3&#8243; _dynamic_attributes=&#8221;content&#8221; _module_preset=&#8221;default&#8221; global_colors_info=&#8221;{}&#8221;]@ET-DC@eyJkeW5hbWljIjp0cnVlLCJjb250ZW50IjoicG9zdF9kYXRlIiwic2V0dGluZ3MiOnsiYmVmb3JlIjoiIiwiYWZ0ZXIiOiIiLCJkYXRlX2Zvcm1hdCI6ImN1c3RvbSIsImN1c3RvbV9kYXRlX2Zvcm1hdCI6ImouIE0gWSJ9fQ==@[\/et_pb_text][et_pb_text disabled_on=&#8221;on|on|on&#8221; admin_label=&#8221;Autor&#8221; module_class=&#8221;news datum&#8221; _builder_version=&#8221;4.27.3&#8243; _module_preset=&#8221;default&#8221; disabled=&#8221;on&#8221; global_colors_info=&#8221;{}&#8221;]<\/p>\n<p>Kommunikation<\/p>\n<p>[\/et_pb_text][et_pb_text disabled_on=&#8221;on|on|on&#8221; admin_label=&#8221;Auszug&#8221; module_class=&#8221;news intro&#8221; _builder_version=&#8221;4.27.3&#8243; _module_preset=&#8221;default&#8221; disabled=&#8221;on&#8221; global_colors_info=&#8221;{}&#8221;][\/et_pb_text][\/et_pb_column][et_pb_column type=&#8221;1_2&#8243; admin_label=&#8221;Spalte Inhalt&#8221; _builder_version=&#8221;4.27.3&#8243; _module_preset=&#8221;default&#8221; global_colors_info=&#8221;{}&#8221;][et_pb_image src=&#8221;https:\/\/jtc.uni-halle.de\/wp-content\/uploads\/2025\/11\/SFR02114-scaled.jpg&#8221; title_text=&#8221;JTC trifft Mittelstand | Foto: Sergei Balyberdin&#8221; disabled_on=&#8221;off|off|off&#8221; admin_label=&#8221;Beitragsbild&#8221; _builder_version=&#8221;4.27.3&#8243; _module_preset=&#8221;default&#8221; border_radii=&#8221;on|18px|18px|18px|18px&#8221; global_colors_info=&#8221;{}&#8221;][\/et_pb_image][\/et_pb_column][\/et_pb_row][\/et_pb_section][et_pb_section fb_built=&#8221;1&#8243; admin_label=&#8221;Content section&#8221; module_class=&#8221;relaunch&#8221; _builder_version=&#8221;4.27.3&#8243; _module_preset=&#8221;default&#8221; transform_scale_tablet=&#8221;&#8221; transform_scale_phone=&#8221;&#8221; transform_scale_last_edited=&#8221;on|tablet&#8221; transform_translate_tablet=&#8221;&#8221; transform_translate_phone=&#8221;&#8221; transform_translate_last_edited=&#8221;on|tablet&#8221; transform_translate_linked_tablet=&#8221;off&#8221; transform_rotate_tablet=&#8221;&#8221; transform_rotate_phone=&#8221;&#8221; transform_rotate_last_edited=&#8221;on|tablet&#8221; transform_skew_tablet=&#8221;&#8221; transform_skew_phone=&#8221;&#8221; transform_skew_last_edited=&#8221;on|tablet&#8221; transform_origin_tablet=&#8221;&#8221; transform_origin_phone=&#8221;&#8221; transform_origin_last_edited=&#8221;on|tablet&#8221; transform_styles_last_edited=&#8221;on|tablet&#8221; custom_margin=&#8221;4rem||||false|false&#8221; custom_margin_tablet=&#8221;1px||||false|false&#8221; custom_margin_phone=&#8221;||||false|false&#8221; custom_margin_last_edited=&#8221;on|desktop&#8221; custom_padding=&#8221;||6rem||false|false&#8221; transform_styles_tablet=&#8221;&#8221; transform_styles_phone=&#8221;&#8221; global_colors_info=&#8221;{}&#8221;][et_pb_row column_structure=&#8221;1_2,1_2&#8243; use_custom_gutter=&#8221;on&#8221; gutter_width=&#8221;2&#8243; make_equal=&#8221;on&#8221; custom_padding_last_edited=&#8221;on|desktop&#8221; _builder_version=&#8221;4.27.3&#8243; _module_preset=&#8221;default&#8221; width=&#8221;96%&#8221; width_tablet=&#8221;90%&#8221; width_phone=&#8221;90%&#8221; width_last_edited=&#8221;on|desktop&#8221; max_width=&#8221;1440px&#8221; module_alignment=&#8221;center&#8221; custom_margin=&#8221;||||false|false&#8221; custom_padding=&#8221;||||false|false&#8221; custom_padding_tablet=&#8221;||||false|false&#8221; custom_padding_phone=&#8221;||||false|false&#8221; global_colors_info=&#8221;{}&#8221;][et_pb_column type=&#8221;1_2&#8243; _builder_version=&#8221;4.27.3&#8243; _module_preset=&#8221;default&#8221; background_enable_color=&#8221;off&#8221; transform_scale_tablet=&#8221;&#8221; transform_scale_phone=&#8221;&#8221; transform_scale_last_edited=&#8221;on|desktop&#8221; transform_translate=&#8221;0px|-9rem&#8221; transform_translate_tablet=&#8221;0px|0rem&#8221; transform_translate_phone=&#8221;0px|0rem&#8221; transform_translate_last_edited=&#8221;on|tablet&#8221; transform_translate_linked=&#8221;off&#8221; transform_rotate_tablet=&#8221;&#8221; transform_rotate_phone=&#8221;&#8221; transform_rotate_last_edited=&#8221;on|desktop&#8221; transform_skew_tablet=&#8221;&#8221; transform_skew_phone=&#8221;&#8221; transform_skew_last_edited=&#8221;on|desktop&#8221; transform_origin_tablet=&#8221;&#8221; transform_origin_phone=&#8221;&#8221; transform_origin_last_edited=&#8221;on|desktop&#8221; transform_styles_last_edited=&#8221;on|tablet&#8221; custom_padding=&#8221;|3rem||3rem|false|false&#8221; custom_padding_tablet=&#8221;3rem|2rem|2rem|2rem|false|false&#8221; custom_padding_phone=&#8221;3rem|2rem|2rem|2rem|false|false&#8221; custom_padding_last_edited=&#8221;on|tablet&#8221; transform_styles_tablet=&#8221;&#8221; transform_styles_phone=&#8221;&#8221; border_radii=&#8221;on|18px|18px|18px|18px&#8221; global_colors_info=&#8221;{}&#8221; custom_css_main_element_last_edited=&#8221;on|tablet&#8221;][et_pb_text admin_label=&#8221;Hier Text&#8221; _builder_version=&#8221;4.27.3&#8243; _module_preset=&#8221;default&#8221; text_font=&#8221;||||||||&#8221; hover_enabled=&#8221;0&#8243; global_colors_info=&#8221;{}&#8221; sticky_enabled=&#8221;0&#8243;]<\/p>\n<p><strong>Under the guiding theme \u201cCo-creating Innovation and Change,\u201d the event \u201cJTC Meets the Mittelstand\u201d took place on the evening of November 10, 2025, at Martin Luther University Halle-Wittenberg. The focus was on exchange, dialogue, and networking between research and industry in the context of structural transformation.<\/strong><\/p>\n<p>Saxony-Anhalt is undergoing profound economic, social, and regional changes. This raises a central question: How can this transformation be actively shaped, and what roles do research, networking, and innovation play in the process?<\/p>\n<p>Answers and impulses were provided by the event organized by the Just Transition Center (JTC), which brought together around 50 representatives from business, politics, and academia \u2014 among them Sven Schulze, Minister for Economic Affairs, Tourism, Agriculture, and Forestry of the State of Saxony-Anhalt.<\/p>\n<p>The event was opened by Prof. Dr. Jonathan Everts, Executive Board Member of the JTC. This was followed by welcoming remarks from Prof. Dr. Claudia Becker, Rector of Martin Luther University Halle-Wittenberg, and Sven Schulze.<\/p>\n<h3>Perspectives of the Mittelstand in Saxony-Anhalt<\/h3>\n<p>Under the title \u201cShaping Structural Change \u2013 Innovation and Networking as Keys to the Future of the Mittelstand in Saxony-Anhalt,\u201d experts from politics, business, and research discussed for more than two hours the future prospects of the region\u2019s Mittelstand (small and medium-sized enterprises).<\/p>\n<p>Participants in the panel discussion included: Sven Schulze, <a href=\"https:\/\/mwl.sachsen-anhalt.de\/\">Minister for Economic Affairs, Tourism, Agriculture, and Forestry of Saxony-Anhalt<\/a>;<br \/>Prof. Dr. Thomas Brockmeier, Chief Executive Officer of the<a href=\"https:\/\/www.ihk.de\/halle\/\"> IHK Halle-Dessau<\/a>; Mich\u00e9le Tille, CEO of <a href=\"https:\/\/cynio.net\/\">CYNiO<\/a> GmbH (Bitterfeld); Sirko Scheffler, Managing Director of <a href=\"https:\/\/www.brain-scc.de\/\">brain-SCC GmbH<\/a> (Merseburg); Dr. Constanze Zwies, Team Leader of the JTC Innovation Team <a href=\"https:\/\/jtc.uni-halle.de\/b\/b4\/\">B4 \u201cDesigner Proteins as Bio-based Binders<\/a>\u201d; and Martin H\u00e4uer, Team Leader of the JTC Innovation Team <a href=\"https:\/\/jtc.uni-halle.de\/c\/c1\/\">C1 \u201cSustainability Standardisation<\/a>.\u201d<\/p>\n<p>The discussion focused on strengthening the Mittelstand, improving collaboration between research and industry, and exploring ways to accelerate innovation processes in Saxony-Anhalt. The session was moderated by Prof. Dr. Ralf Wehrspohn, Executive Board Member of the JTC.<\/p>\n<p><strong>At the subsequent networking session, several JTC research teams provided insights into their projects. Many participants also took the opportunity for interdisciplinary exchange and informal discussions.<\/strong><\/p>\n<p><em>Note: This article is an automatic translation of the original post. Please be aware that there may be linguistic inaccuracies or differences in interpretation. You can find the original post <a href=\"https:\/\/jtc.uni-halle.de\/innovation-und-wandel-gemeinsam-gestalten-jtc-trifft-mittelstand\/\">here<\/a>.<\/em><\/p>\n<p>[\/et_pb_text][et_pb_button button_url=&#8221;#&#8221; button_text=&#8221;PDF herunterladen&#8221; disabled_on=&#8221;on|on|on&#8221; _builder_version=&#8221;4.27.3&#8243; _module_preset=&#8221;default&#8221; custom_button=&#8221;on&#8221; button_border_width=&#8221;2px&#8221; button_border_color=&#8221;#2e2e2e&#8221; button_font=&#8221;|700|||||||&#8221; hover_enabled=&#8221;1&#8243; disabled=&#8221;on&#8221; global_colors_info=&#8221;{}&#8221; button_bg_color__hover_enabled=&#8221;on|hover&#8221;][\/et_pb_button][et_pb_toggle title=&#8221;weiterlesen&#8221; open_toggle_text_color=&#8221;#2e2e2e&#8221; open_toggle_background_color=&#8221;RGBA(255,255,255,0)&#8221; closed_toggle_background_color=&#8221;RGBA(255,255,255,0)&#8221; icon_color=&#8221;RGBA(255,255,255,0)&#8221; open_icon_color=&#8221;RGBA(255,255,255,0)&#8221; disabled_on=&#8221;on|on|on&#8221; admin_label=&#8221;Weiterlesen&#8221; module_class=&#8221;weiterlesen&#8221; _builder_version=&#8221;4.27.3&#8243; _module_preset=&#8221;default&#8221; title_text_color=&#8221;#2e2e2e&#8221; custom_padding=&#8221;|0px||0px|false|false&#8221; border_width_all=&#8221;0px&#8221; disabled=&#8221;on&#8221; global_colors_info=&#8221;{}&#8221;]<\/p>\n<h3 data-start=\"3686\" data-end=\"3716\">Herausforderungen im Fokus<\/h3>\n<p data-start=\"3718\" data-end=\"4189\">Besonders intensiv wurde diskutiert, wie internationale Umweltstandards \u2013 etwa zum Biodiversit\u00e4tsschutz \u2013 mit den nationalen Zielen von Energiesicherheit und wirtschaftlicher Modernisierung vereinbar sind. Der Vertreter von ACWA Power betonte die Spannungen zwischen strengen Anforderungen von Investoren, Kreditgebern oder NGOs und dem dringenden Bedarf am Infrastrukturausbau. Diese Standards, obwohl wertvoll, erh\u00f6hen oft die Projektkosten und f\u00fchren zu Verz\u00f6gerungen.<\/p>\n<p data-start=\"4191\" data-end=\"4839\">Der Vertreter des Wirtschafts- und Finanzministeriums bezifferte den Investitionsbedarf zur Erreichung der Klimaziele auf 60\u201395 Milliarden US-Dollar und wies auf politisch sensible Reformen wie Tarifumstellungen und die Einf\u00fchrung robuster Emissions-Monitoring-Systeme (MRV) hin. Vertreter aus der Industrie \u00e4u\u00dferten Bedenken hinsichtlich hoher Compliance-Anforderungen sowie mangelnder technischer und finanzieller Umsetzungskapazit\u00e4ten. Umweltgerechtigkeit und Biodiversit\u00e4tsvorgaben wurden \u2013 trotz ihrer integrativen Wirkung \u2013 als Kosten- und Verz\u00f6gerungsfaktoren kritisiert, besonders wenn sie ohne ausreichende Unterst\u00fctzung eingef\u00fchrt werden.<\/p>\n<p data-start=\"4841\" data-end=\"5004\">Auch die soziale Fairness von Energiepreisreformen wurde kontrovers diskutiert, da sie vulnerable Verbraucher:innen in der \u00dcbergangszeit besonders belasten k\u00f6nnen.<\/p>\n<h3 data-start=\"5006\" data-end=\"5045\">Fazit: Zusammenarbeit als Schl\u00fcssel<\/h3>\n<p data-start=\"5047\" data-end=\"5398\">Die Diskussionen verdichteten sich in einer zentralen Frage: Wie kann Usbekistan eine national verankerte Transition gestalten \u2013 im Spannungsfeld globaler Anforderungen, begrenzter Ressourcen und konkurrierender Politiken? Einigkeit herrschte dar\u00fcber, dass der Weg nur \u00fcber die fortgesetzte Zusammenarbeit von Staat, Wirtschaft und Wissenschaft f\u00fchrt.<\/p>\n<p data-start=\"5400\" data-end=\"5699\">Die Partnerschaft wird am 22. Oktober 2025 fortgesetzt, wenn Dr. Timm Sureau im Rahmen der 4. Tashkent Business and Economics Conference an der WIUT zum Thema <em data-start=\"5559\" data-end=\"5611\">\u201eHydrogen, Identity Politics of Green Transitions\u201c<\/em> referieren wird \u2013 ein weiterer Schritt zur Vertiefung der institutionellen Kooperation.<\/p>\n<h3 data-start=\"5706\" data-end=\"5749\">Zentrale Herausforderungen und Ausblick<\/h3>\n<ul data-start=\"5751\" data-end=\"6271\">\n<li data-start=\"5751\" data-end=\"5830\">\n<p data-start=\"5753\" data-end=\"5830\">Hohe Kosten und soziale Spannungen durch Tarifreformen und Subventionsabbau<\/p>\n<\/li>\n<li data-start=\"5831\" data-end=\"5972\">\n<p data-start=\"5833\" data-end=\"5972\">Unzureichende Regulierung f\u00fcr Emissions-Monitoring auf Unternehmensebene, inklusive L\u00fccken bei Datenzuverl\u00e4ssigkeit und Betrugspr\u00e4vention<\/p>\n<\/li>\n<li data-start=\"5973\" data-end=\"6100\">\n<p data-start=\"5975\" data-end=\"6100\">Technische und finanzielle Barrieren beim Ausbau erneuerbarer Energien \u2013 insbesondere bei kleinen und dezentralen Projekten<\/p>\n<\/li>\n<li data-start=\"6101\" data-end=\"6188\">\n<p data-start=\"6103\" data-end=\"6188\">Schwierige Vereinbarkeit globaler Umweltstandards mit nationalen Entwicklungszielen<\/p>\n<\/li>\n<li data-start=\"6189\" data-end=\"6271\">\n<p data-start=\"6191\" data-end=\"6271\">Governance-Probleme bei der Balance von Naturschutz und Infrastrukturprojekten<\/p>\n<\/li>\n<\/ul>\n<p data-start=\"6273\" data-end=\"6517\"><strong data-start=\"6273\" data-end=\"6304\">Perspektive der Wirtschaft:<\/strong> Investitionen sto\u00dfen auf praktische H\u00fcrden<br data-start=\"6347\" data-end=\"6350\" \/>Unternehmen fordern stabile Rahmenbedingungen, Finanzierungsm\u00f6glichkeiten und transparente Regulierungen, um langfristig in erneuerbare Energien investieren zu k\u00f6nnen.<\/p>\n<p data-start=\"6519\" data-end=\"6765\"><strong data-start=\"6519\" data-end=\"6549\">Perspektive der Regierung:<\/strong> Wachstum und Klimaziele im Gleichgewicht<br data-start=\"6590\" data-end=\"6593\" \/>Staatliche Vertreter:innen bekr\u00e4ftigten das Engagement Usbekistans f\u00fcr Dekarbonisierung \u2013 bei gleichzeitiger Abfederung sozio\u00f6konomischer Risiken im Transformationsprozess.<\/p>\n<p data-start=\"6519\" data-end=\"6765\"><em><strong>Hinweis<\/strong>: Dieser Artikel ist eine automatische \u00dcbersetzung des Originalbeitrags. Bitte beachten Sie, dass es zu sprachlichen Ungenauigkeiten oder Interpretationsabweichungen kommen kann. Hier finden Sie den <a href=\"https:\/\/jtc.uni-halle.de\/en\/just-transition-in-uzbekistan-challenges-and-opportunities\/\">Originalbeitrag<\/a>.<\/em><\/p>\n<p>[\/et_pb_toggle][\/et_pb_column][et_pb_column type=&#8221;1_2&#8243; _builder_version=&#8221;4.27.3&#8243; _module_preset=&#8221;default&#8221; global_colors_info=&#8221;{}&#8221;][et_pb_text disabled_on=&#8221;on|on|on&#8221; admin_label=&#8221;Schlagw\u00f6rter Themen&#8221; _builder_version=&#8221;4.27.3&#8243; _dynamic_attributes=&#8221;content&#8221; _module_preset=&#8221;default&#8221; disabled=&#8221;on&#8221; global_colors_info=&#8221;{}&#8221;]@ET-DC@eyJkeW5hbWljIjp0cnVlLCJjb250ZW50IjoiY3VzdG9tX21ldGFfc2NobGFnd29lcnRlcl9zaG9ydGNvZGUiLCJzZXR0aW5ncyI6eyJiZWZvcmUiOiIiLCJhZnRlciI6IiIsImVuYWJsZV9odG1sIjoib2ZmIn19@[\/et_pb_text][et_pb_gallery gallery_ids=&#8221;12721,12719,12733,12735,12729,12727,12725&#8243; posts_number=&#8221;7&#8243; show_title_and_caption=&#8221;off&#8221; show_pagination=&#8221;off&#8221; _builder_version=&#8221;4.27.3&#8243; _module_preset=&#8221;default&#8221; global_colors_info=&#8221;{}&#8221;][\/et_pb_gallery][\/et_pb_column][\/et_pb_row][\/et_pb_section][et_pb_section fb_built=&#8221;1&#8243; disabled_on=&#8221;off|off|off&#8221; admin_label=&#8221;Navi section&#8221; module_class=&#8221;relaunch&#8221; _builder_version=&#8221;4.27.3&#8243; _module_preset=&#8221;default&#8221; transform_scale_tablet=&#8221;&#8221; transform_scale_phone=&#8221;&#8221; transform_scale_last_edited=&#8221;on|tablet&#8221; transform_translate_tablet=&#8221;&#8221; transform_translate_phone=&#8221;&#8221; transform_translate_last_edited=&#8221;on|tablet&#8221; transform_translate_linked_tablet=&#8221;off&#8221; transform_rotate_tablet=&#8221;&#8221; transform_rotate_phone=&#8221;&#8221; transform_rotate_last_edited=&#8221;on|tablet&#8221; transform_skew_tablet=&#8221;&#8221; transform_skew_phone=&#8221;&#8221; transform_skew_last_edited=&#8221;on|tablet&#8221; transform_origin_tablet=&#8221;&#8221; transform_origin_phone=&#8221;&#8221; transform_origin_last_edited=&#8221;on|tablet&#8221; transform_styles_last_edited=&#8221;on|tablet&#8221; custom_margin=&#8221;4rem||||false|false&#8221; custom_margin_tablet=&#8221;1px||||false|false&#8221; custom_margin_phone=&#8221;||||false|false&#8221; custom_margin_last_edited=&#8221;on|desktop&#8221; custom_padding=&#8221;||6rem||false|false&#8221; transform_styles_tablet=&#8221;&#8221; transform_styles_phone=&#8221;&#8221; global_colors_info=&#8221;{}&#8221;][et_pb_row use_custom_gutter=&#8221;on&#8221; gutter_width=&#8221;2&#8243; make_equal=&#8221;on&#8221; custom_padding_last_edited=&#8221;on|desktop&#8221; _builder_version=&#8221;4.27.3&#8243; _module_preset=&#8221;default&#8221; width=&#8221;96%&#8221; width_tablet=&#8221;90%&#8221; width_phone=&#8221;90%&#8221; width_last_edited=&#8221;on|desktop&#8221; max_width=&#8221;1440px&#8221; module_alignment=&#8221;center&#8221; custom_margin=&#8221;||||false|false&#8221; custom_padding=&#8221;||||false|false&#8221; custom_padding_tablet=&#8221;||||false|false&#8221; custom_padding_phone=&#8221;||||false|false&#8221; global_colors_info=&#8221;{}&#8221;][et_pb_column type=&#8221;4_4&#8243; _builder_version=&#8221;4.27.3&#8243; _module_preset=&#8221;default&#8221; background_enable_color=&#8221;off&#8221; custom_padding=&#8221;2rem|3rem||3rem|false|false&#8221; custom_padding_tablet=&#8221;3rem|2rem|2rem|2rem|false|false&#8221; custom_padding_phone=&#8221;3rem|2rem|2rem|2rem|false|false&#8221; custom_padding_last_edited=&#8221;on|tablet&#8221; border_width_top=&#8221;2px&#8221; global_colors_info=&#8221;{}&#8221; custom_css_main_element_last_edited=&#8221;on|tablet&#8221;][et_pb_post_nav in_same_term=&#8221;on&#8221; disabled_on=&#8221;off|off|off&#8221; admin_label=&#8221;Beitragsnavigation&#8221; _builder_version=&#8221;4.27.3&#8243; _module_preset=&#8221;default&#8221; title_text_color=&#8221;#2e2e2e&#8221; title_font_size=&#8221;1rem&#8221; global_colors_info=&#8221;{}&#8221;][\/et_pb_post_nav][et_pb_code _builder_version=&#8221;4.27.3&#8243; _module_preset=&#8221;default&#8221; custom_css_main_element=&#8221;width: fit-content;||margin-left: auto;||margin-right: auto;&#8221; global_colors_info=&#8221;{}&#8221;]<a href=\"javascript:history.back()\" class=\"custom-back-button\">Zur\u00fcck<\/a><!-- [et_pb_line_break_holder] -->[\/et_pb_code][\/et_pb_column][\/et_pb_row][\/et_pb_section]<\/p>\n","protected":false},"excerpt":{"rendered":"<p>Under the guiding theme \u201cCo-creating Innovation and Change,\u201d the event \u201cJTC Meets the Mittelstand\u201d took place on November 10.<\/p>\n","protected":false},"author":25,"featured_media":12723,"comment_status":"closed","ping_status":"closed","sticky":false,"template":"","format":"standard","meta":{"_et_pb_use_builder":"on","_et_pb_old_content":"","_et_gb_content_width":"","inline_featured_image":false,"_price":"","_stock":"","_tribe_ticket_header":"","_tribe_default_ticket_provider":"","_ticket_start_date":"","_ticket_end_date":"","_tribe_ticket_show_description":"","_tribe_ticket_show_not_going":false,"_tribe_ticket_use_global_stock":"","_tribe_ticket_global_stock_level":"","_global_stock_mode":"","_global_stock_cap":"","_tribe_rsvp_for_event":"","_tribe_ticket_going_count":"","_tribe_ticket_not_going_count":"","_tribe_tickets_list":"[]","_tribe_ticket_has_attendee_info_fields":false,"footnotes":""},"categories":[104,207,68,106,47,55,59],"tags":[],"class_list":["post-12771","post","type-post","status-publish","format-standard","has-post-thumbnail","hentry","category-news-en","category-news-landingpage","category-relaunch-en","category-account-en","category-a3-en","category-b4-en","category-c1-en"],"_links":{"self":[{"href":"https:\/\/jtc.uni-halle.de\/en\/wp-json\/wp\/v2\/posts\/12771","targetHints":{"allow":["GET"]}}],"collection":[{"href":"https:\/\/jtc.uni-halle.de\/en\/wp-json\/wp\/v2\/posts"}],"about":[{"href":"https:\/\/jtc.uni-halle.de\/en\/wp-json\/wp\/v2\/types\/post"}],"author":[{"embeddable":true,"href":"https:\/\/jtc.uni-halle.de\/en\/wp-json\/wp\/v2\/users\/25"}],"replies":[{"embeddable":true,"href":"https:\/\/jtc.uni-halle.de\/en\/wp-json\/wp\/v2\/comments?post=12771"}],"version-history":[{"count":9,"href":"https:\/\/jtc.uni-halle.de\/en\/wp-json\/wp\/v2\/posts\/12771\/revisions"}],"predecessor-version":[{"id":13432,"href":"https:\/\/jtc.uni-halle.de\/en\/wp-json\/wp\/v2\/posts\/12771\/revisions\/13432"}],"wp:featuredmedia":[{"embeddable":true,"href":"https:\/\/jtc.uni-halle.de\/en\/wp-json\/wp\/v2\/media\/12723"}],"wp:attachment":[{"href":"https:\/\/jtc.uni-halle.de\/en\/wp-json\/wp\/v2\/media?parent=12771"}],"wp:term":[{"taxonomy":"category","embeddable":true,"href":"https:\/\/jtc.uni-halle.de\/en\/wp-json\/wp\/v2\/categories?post=12771"},{"taxonomy":"post_tag","embeddable":true,"href":"https:\/\/jtc.uni-halle.de\/en\/wp-json\/wp\/v2\/tags?post=12771"}],"curies":[{"name":"wp","href":"https:\/\/api.w.org\/{rel}","templated":true}]}}